{"id":17255,"date":"2023-03-24T13:53:01","date_gmt":"2023-03-24T12:53:01","guid":{"rendered":"https:\/\/nataliaferre.com\/?p=17255"},"modified":"2023-03-24T14:34:45","modified_gmt":"2023-03-24T13:34:45","slug":"entrevista-en-el-programa-som-hi-de-tac-12-el-dia-de-la-mujer","status":"publish","type":"post","link":"https:\/\/nataliaferre.com\/es\/entrevista-en-el-programa-som-hi-de-tac-12-el-dia-de-la-mujer\/","title":{"rendered":"Entrevista en el programa SOM-HI de TAC 12, el D\u00eda de la Mujer"},"content":{"rendered":"\n<p>El d\u00eda 8 de marzo, D\u00eda de la Mujer, el <a href=\"https:\/\/www.tac12.tv\/programes\/som-hi\/item\/27650-som-hi-capitol-220\" target=\"_blank\" rel=\"noreferrer noopener\">programa SOM-HI de TAC 12<\/a> invit\u00f3 a un grupo de mujeres emprendedoras de las comarcas de Tarragona.<\/p>\n\n\n\n<figure class=\"wp-block-embed is-type-video is-provider-youtube wp-block-embed-youtube wp-embed-aspect-16-9 wp-has-aspect-ratio\"><div class=\"wp-block-embed__wrapper\">\n<iframe title=\"Som-hi! Cap\u00edtol 220\" width=\"1300\" height=\"731\" src=\"https:\/\/www.youtube.com\/embed\/kfhe-312rGY?feature=oembed\" frameborder=\"0\" allow=\"accelerometer; autoplay; clipboard-write; encrypted-media; gyroscope; picture-in-picture; web-share\" referrerpolicy=\"strict-origin-when-cross-origin\" allowfullscreen><\/iframe>\n<\/div><\/figure>\n\n\n\n<p>Espero que lo encontr\u00e9is interesante y me gustar\u00eda agradecer la simpat\u00eda y profesionalidad de todo el equipo del programa.<\/p>\n\n\n\n<div style=\"height:50px\" aria-hidden=\"true\" class=\"wp-block-spacer\"><\/div>\n\n\n\n<hr class=\"wp-block-separator has-alpha-channel-opacity is-style-wide\"\/>\n\n\n\n<div style=\"height:50px\" aria-hidden=\"true\" class=\"wp-block-spacer\"><\/div>\n\n\n\n<div class=\"wp-block-buttons is-layout-flex wp-block-buttons-is-layout-flex\">\n<div class=\"wp-block-button\"><a class=\"wp-block-button__link wp-element-button\" href=\"https:\/\/nataliaferre.com\/es\/blog\/\">Otras publicaciones<\/a><\/div>\n<\/div>\n","protected":false},"excerpt":{"rendered":"<p>El d\u00eda 8 de marzo, D\u00eda de la Mujer, el programa SOM-HI de TAC 12, invit\u00f3 a un grupo de mujeres emprendedoras de las comarcas de Tarragona.<\/p>\n","protected":false},"author":999,"featured_media":17271,"comment_status":"closed","ping_status":"closed","sticky":false,"template":"","format":"gallery","meta":{"inline_featured_image":false,"footnotes":""},"categories":[183],"tags":[],"class_list":["post-17255","post","type-post","status-publish","format-gallery","has-post-thumbnail","hentry","category-entradas-del-blog","post_format-post-format-gallery"],"yoast_head":"<!-- This site is optimized with the Yoast SEO plugin v27.4 - https:\/\/yoast.com\/product\/yoast-seo-wordpress\/ -->\n<title>Entrevista en el programa SOM-HI de TAC 12, el D\u00eda de la Mujer - Nat\u00e0lia Ferr\u00e9 - Escultora, Ceramista, Pintora y Galerista<\/title>\n<meta name=\"description\" content=\"El d\u00eda 8 de marzo, D\u00eda de la Mujer, el programa SOM-HI de TAC 12, invit\u00f3 a un grupo de mujeres emprendedoras de las comarcas de Tarragona.\" \/>\n<meta name=\"robots\" content=\"index, follow, max-snippet:-1, max-image-preview:large, max-video-preview:-1\" \/>\n<link rel=\"canonical\" href=\"https:\/\/nataliaferre.com\/es\/entrevista-en-el-programa-som-hi-de-tac-12-el-dia-de-la-mujer\/\" \/>\n<meta property=\"og:locale\" content=\"es_ES\" \/>\n<meta property=\"og:type\" content=\"article\" \/>\n<meta property=\"og:title\" content=\"Entrevista en el programa SOM-HI de TAC 12, el D\u00eda de la Mujer - Nat\u00e0lia Ferr\u00e9 - Escultora, Ceramista, Pintora y Galerista\" \/>\n<meta property=\"og:description\" content=\"El d\u00eda 8 de marzo, D\u00eda de la Mujer, el programa SOM-HI de TAC 12, invit\u00f3 a un grupo de mujeres emprendedoras de las comarcas de Tarragona.\" \/>\n<meta property=\"og:url\" content=\"https:\/\/nataliaferre.com\/es\/entrevista-en-el-programa-som-hi-de-tac-12-el-dia-de-la-mujer\/\" \/>\n<meta property=\"og:site_name\" content=\"Nat\u00e0lia Ferr\u00e9\" \/>\n<meta property=\"article:published_time\" content=\"2023-03-24T12:53:01+00:00\" \/>\n<meta property=\"article:modified_time\" content=\"2023-03-24T13:34:45+00:00\" \/>\n<meta property=\"og:image\" content=\"https:\/\/nataliaferre.com\/wp-content\/uploads\/natalia-ferre-som-hi-tac12.jpg\" \/>\n\t<meta property=\"og:image:width\" content=\"1280\" \/>\n\t<meta property=\"og:image:height\" content=\"900\" \/>\n\t<meta property=\"og:image:type\" content=\"image\/jpeg\" \/>\n<meta name=\"author\" content=\"Idel\" \/>\n<meta name=\"twitter:card\" content=\"summary_large_image\" \/>\n<meta name=\"twitter:label1\" content=\"Escrito por\" \/>\n\t<meta name=\"twitter:data1\" content=\"Idel\" \/>\n\t<meta name=\"twitter:label2\" content=\"Tiempo de lectura\" \/>\n\t<meta name=\"twitter:data2\" content=\"1 minuto\" \/>\n<script type=\"application\/ld+json\" class=\"yoast-schema-graph\">{\"@context\":\"https:\\\/\\\/schema.org\",\"@graph\":[{\"@type\":\"Article\",\"@id\":\"https:\\\/\\\/nataliaferre.com\\\/es\\\/entrevista-en-el-programa-som-hi-de-tac-12-el-dia-de-la-mujer\\\/#article\",\"isPartOf\":{\"@id\":\"https:\\\/\\\/nataliaferre.com\\\/es\\\/entrevista-en-el-programa-som-hi-de-tac-12-el-dia-de-la-mujer\\\/\"},\"author\":{\"name\":\"Idel\",\"@id\":\"https:\\\/\\\/nataliaferre.com\\\/es\\\/#\\\/schema\\\/person\\\/62ace9fa3e2f4f9850bd3151aa36dfb9\"},\"headline\":\"Entrevista en el programa SOM-HI de TAC 12, el D\u00eda de la Mujer\",\"datePublished\":\"2023-03-24T12:53:01+00:00\",\"dateModified\":\"2023-03-24T13:34:45+00:00\",\"mainEntityOfPage\":{\"@id\":\"https:\\\/\\\/nataliaferre.com\\\/es\\\/entrevista-en-el-programa-som-hi-de-tac-12-el-dia-de-la-mujer\\\/\"},\"wordCount\":72,\"publisher\":{\"@id\":\"https:\\\/\\\/nataliaferre.com\\\/es\\\/#organization\"},\"image\":{\"@id\":\"https:\\\/\\\/nataliaferre.com\\\/es\\\/entrevista-en-el-programa-som-hi-de-tac-12-el-dia-de-la-mujer\\\/#primaryimage\"},\"thumbnailUrl\":\"https:\\\/\\\/nataliaferre.com\\\/wp-content\\\/uploads\\\/natalia-ferre-som-hi-tac12.jpg\",\"articleSection\":[\"Entradas del blog\"],\"inLanguage\":\"es\"},{\"@type\":\"WebPage\",\"@id\":\"https:\\\/\\\/nataliaferre.com\\\/es\\\/entrevista-en-el-programa-som-hi-de-tac-12-el-dia-de-la-mujer\\\/\",\"url\":\"https:\\\/\\\/nataliaferre.com\\\/es\\\/entrevista-en-el-programa-som-hi-de-tac-12-el-dia-de-la-mujer\\\/\",\"name\":\"Entrevista en el programa SOM-HI de TAC 12, el D\u00eda de la Mujer - Nat\u00e0lia Ferr\u00e9 - Escultora, Ceramista, Pintora y Galerista\",\"isPartOf\":{\"@id\":\"https:\\\/\\\/nataliaferre.com\\\/es\\\/#website\"},\"primaryImageOfPage\":{\"@id\":\"https:\\\/\\\/nataliaferre.com\\\/es\\\/entrevista-en-el-programa-som-hi-de-tac-12-el-dia-de-la-mujer\\\/#primaryimage\"},\"image\":{\"@id\":\"https:\\\/\\\/nataliaferre.com\\\/es\\\/entrevista-en-el-programa-som-hi-de-tac-12-el-dia-de-la-mujer\\\/#primaryimage\"},\"thumbnailUrl\":\"https:\\\/\\\/nataliaferre.com\\\/wp-content\\\/uploads\\\/natalia-ferre-som-hi-tac12.jpg\",\"datePublished\":\"2023-03-24T12:53:01+00:00\",\"dateModified\":\"2023-03-24T13:34:45+00:00\",\"description\":\"El d\u00eda 8 de marzo, D\u00eda de la Mujer, el programa SOM-HI de TAC 12, invit\u00f3 a un grupo de mujeres emprendedoras de las comarcas de Tarragona.\",\"breadcrumb\":{\"@id\":\"https:\\\/\\\/nataliaferre.com\\\/es\\\/entrevista-en-el-programa-som-hi-de-tac-12-el-dia-de-la-mujer\\\/#breadcrumb\"},\"inLanguage\":\"es\",\"potentialAction\":[{\"@type\":\"ReadAction\",\"target\":[\"https:\\\/\\\/nataliaferre.com\\\/es\\\/entrevista-en-el-programa-som-hi-de-tac-12-el-dia-de-la-mujer\\\/\"]}]},{\"@type\":\"ImageObject\",\"inLanguage\":\"es\",\"@id\":\"https:\\\/\\\/nataliaferre.com\\\/es\\\/entrevista-en-el-programa-som-hi-de-tac-12-el-dia-de-la-mujer\\\/#primaryimage\",\"url\":\"https:\\\/\\\/nataliaferre.com\\\/wp-content\\\/uploads\\\/natalia-ferre-som-hi-tac12.jpg\",\"contentUrl\":\"https:\\\/\\\/nataliaferre.com\\\/wp-content\\\/uploads\\\/natalia-ferre-som-hi-tac12.jpg\",\"width\":1280,\"height\":900},{\"@type\":\"BreadcrumbList\",\"@id\":\"https:\\\/\\\/nataliaferre.com\\\/es\\\/entrevista-en-el-programa-som-hi-de-tac-12-el-dia-de-la-mujer\\\/#breadcrumb\",\"itemListElement\":[{\"@type\":\"ListItem\",\"position\":1,\"name\":\"Portada\",\"item\":\"https:\\\/\\\/nataliaferre.com\\\/es\\\/\"},{\"@type\":\"ListItem\",\"position\":2,\"name\":\"Entrevista en el programa SOM-HI de TAC 12, el D\u00eda de la Mujer\"}]},{\"@type\":\"WebSite\",\"@id\":\"https:\\\/\\\/nataliaferre.com\\\/es\\\/#website\",\"url\":\"https:\\\/\\\/nataliaferre.com\\\/es\\\/\",\"name\":\"Nat\u00e0lia Ferr\u00e9\",\"description\":\"Escultora, Ceramista, Pintora y Galerista\",\"publisher\":{\"@id\":\"https:\\\/\\\/nataliaferre.com\\\/es\\\/#organization\"},\"potentialAction\":[{\"@type\":\"SearchAction\",\"target\":{\"@type\":\"EntryPoint\",\"urlTemplate\":\"https:\\\/\\\/nataliaferre.com\\\/es\\\/?s={search_term_string}\"},\"query-input\":{\"@type\":\"PropertyValueSpecification\",\"valueRequired\":true,\"valueName\":\"search_term_string\"}}],\"inLanguage\":\"es\"},{\"@type\":\"Organization\",\"@id\":\"https:\\\/\\\/nataliaferre.com\\\/es\\\/#organization\",\"name\":\"Nat\u00e0lia Ferr\u00e9\",\"url\":\"https:\\\/\\\/nataliaferre.com\\\/es\\\/\",\"logo\":{\"@type\":\"ImageObject\",\"inLanguage\":\"es\",\"@id\":\"https:\\\/\\\/nataliaferre.com\\\/es\\\/#\\\/schema\\\/logo\\\/image\\\/\",\"url\":\"https:\\\/\\\/nataliaferre.com\\\/wp-content\\\/uploads\\\/natalia-ferre-la-artista-04-b.jpg\",\"contentUrl\":\"https:\\\/\\\/nataliaferre.com\\\/wp-content\\\/uploads\\\/natalia-ferre-la-artista-04-b.jpg\",\"width\":1300,\"height\":730,\"caption\":\"Nat\u00e0lia Ferr\u00e9\"},\"image\":{\"@id\":\"https:\\\/\\\/nataliaferre.com\\\/es\\\/#\\\/schema\\\/logo\\\/image\\\/\"}},{\"@type\":\"Person\",\"@id\":\"https:\\\/\\\/nataliaferre.com\\\/es\\\/#\\\/schema\\\/person\\\/62ace9fa3e2f4f9850bd3151aa36dfb9\",\"name\":\"Idel\",\"image\":{\"@type\":\"ImageObject\",\"inLanguage\":\"es\",\"@id\":\"https:\\\/\\\/secure.gravatar.com\\\/avatar\\\/5c41eef29cc53bb1b85862458bd8af3b680c7b6f5b495f6ed686ca9ec6bc4f08?s=96&d=mm&r=g\",\"url\":\"https:\\\/\\\/secure.gravatar.com\\\/avatar\\\/5c41eef29cc53bb1b85862458bd8af3b680c7b6f5b495f6ed686ca9ec6bc4f08?s=96&d=mm&r=g\",\"contentUrl\":\"https:\\\/\\\/secure.gravatar.com\\\/avatar\\\/5c41eef29cc53bb1b85862458bd8af3b680c7b6f5b495f6ed686ca9ec6bc4f08?s=96&d=mm&r=g\",\"caption\":\"Idel\"}}]}<\/script>\n<!-- \/ Yoast SEO plugin. -->","yoast_head_json":{"title":"Entrevista en el programa SOM-HI de TAC 12, el D\u00eda de la Mujer - Nat\u00e0lia Ferr\u00e9 - Escultora, Ceramista, Pintora y Galerista","description":"El d\u00eda 8 de marzo, D\u00eda de la Mujer, el programa SOM-HI de TAC 12, invit\u00f3 a un grupo de mujeres emprendedoras de las comarcas de Tarragona.","robots":{"index":"index","follow":"follow","max-snippet":"max-snippet:-1","max-image-preview":"max-image-preview:large","max-video-preview":"max-video-preview:-1"},"canonical":"https:\/\/nataliaferre.com\/es\/entrevista-en-el-programa-som-hi-de-tac-12-el-dia-de-la-mujer\/","og_locale":"es_ES","og_type":"article","og_title":"Entrevista en el programa SOM-HI de TAC 12, el D\u00eda de la Mujer - Nat\u00e0lia Ferr\u00e9 - Escultora, Ceramista, Pintora y Galerista","og_description":"El d\u00eda 8 de marzo, D\u00eda de la Mujer, el programa SOM-HI de TAC 12, invit\u00f3 a un grupo de mujeres emprendedoras de las comarcas de Tarragona.","og_url":"https:\/\/nataliaferre.com\/es\/entrevista-en-el-programa-som-hi-de-tac-12-el-dia-de-la-mujer\/","og_site_name":"Nat\u00e0lia Ferr\u00e9","article_published_time":"2023-03-24T12:53:01+00:00","article_modified_time":"2023-03-24T13:34:45+00:00","og_image":[{"width":1280,"height":900,"url":"https:\/\/nataliaferre.com\/wp-content\/uploads\/natalia-ferre-som-hi-tac12.jpg","type":"image\/jpeg"}],"author":"Idel","twitter_card":"summary_large_image","twitter_misc":{"Escrito por":"Idel","Tiempo de lectura":"1 minuto"},"schema":{"@context":"https:\/\/schema.org","@graph":[{"@type":"Article","@id":"https:\/\/nataliaferre.com\/es\/entrevista-en-el-programa-som-hi-de-tac-12-el-dia-de-la-mujer\/#article","isPartOf":{"@id":"https:\/\/nataliaferre.com\/es\/entrevista-en-el-programa-som-hi-de-tac-12-el-dia-de-la-mujer\/"},"author":{"name":"Idel","@id":"https:\/\/nataliaferre.com\/es\/#\/schema\/person\/62ace9fa3e2f4f9850bd3151aa36dfb9"},"headline":"Entrevista en el programa SOM-HI de TAC 12, el D\u00eda de la Mujer","datePublished":"2023-03-24T12:53:01+00:00","dateModified":"2023-03-24T13:34:45+00:00","mainEntityOfPage":{"@id":"https:\/\/nataliaferre.com\/es\/entrevista-en-el-programa-som-hi-de-tac-12-el-dia-de-la-mujer\/"},"wordCount":72,"publisher":{"@id":"https:\/\/nataliaferre.com\/es\/#organization"},"image":{"@id":"https:\/\/nataliaferre.com\/es\/entrevista-en-el-programa-som-hi-de-tac-12-el-dia-de-la-mujer\/#primaryimage"},"thumbnailUrl":"https:\/\/nataliaferre.com\/wp-content\/uploads\/natalia-ferre-som-hi-tac12.jpg","articleSection":["Entradas del blog"],"inLanguage":"es"},{"@type":"WebPage","@id":"https:\/\/nataliaferre.com\/es\/entrevista-en-el-programa-som-hi-de-tac-12-el-dia-de-la-mujer\/","url":"https:\/\/nataliaferre.com\/es\/entrevista-en-el-programa-som-hi-de-tac-12-el-dia-de-la-mujer\/","name":"Entrevista en el programa SOM-HI de TAC 12, el D\u00eda de la Mujer - Nat\u00e0lia Ferr\u00e9 - Escultora, Ceramista, Pintora y Galerista","isPartOf":{"@id":"https:\/\/nataliaferre.com\/es\/#website"},"primaryImageOfPage":{"@id":"https:\/\/nataliaferre.com\/es\/entrevista-en-el-programa-som-hi-de-tac-12-el-dia-de-la-mujer\/#primaryimage"},"image":{"@id":"https:\/\/nataliaferre.com\/es\/entrevista-en-el-programa-som-hi-de-tac-12-el-dia-de-la-mujer\/#primaryimage"},"thumbnailUrl":"https:\/\/nataliaferre.com\/wp-content\/uploads\/natalia-ferre-som-hi-tac12.jpg","datePublished":"2023-03-24T12:53:01+00:00","dateModified":"2023-03-24T13:34:45+00:00","description":"El d\u00eda 8 de marzo, D\u00eda de la Mujer, el programa SOM-HI de TAC 12, invit\u00f3 a un grupo de mujeres emprendedoras de las comarcas de Tarragona.","breadcrumb":{"@id":"https:\/\/nataliaferre.com\/es\/entrevista-en-el-programa-som-hi-de-tac-12-el-dia-de-la-mujer\/#breadcrumb"},"inLanguage":"es","potentialAction":[{"@type":"ReadAction","target":["https:\/\/nataliaferre.com\/es\/entrevista-en-el-programa-som-hi-de-tac-12-el-dia-de-la-mujer\/"]}]},{"@type":"ImageObject","inLanguage":"es","@id":"https:\/\/nataliaferre.com\/es\/entrevista-en-el-programa-som-hi-de-tac-12-el-dia-de-la-mujer\/#primaryimage","url":"https:\/\/nataliaferre.com\/wp-content\/uploads\/natalia-ferre-som-hi-tac12.jpg","contentUrl":"https:\/\/nataliaferre.com\/wp-content\/uploads\/natalia-ferre-som-hi-tac12.jpg","width":1280,"height":900},{"@type":"BreadcrumbList","@id":"https:\/\/nataliaferre.com\/es\/entrevista-en-el-programa-som-hi-de-tac-12-el-dia-de-la-mujer\/#breadcrumb","itemListElement":[{"@type":"ListItem","position":1,"name":"Portada","item":"https:\/\/nataliaferre.com\/es\/"},{"@type":"ListItem","position":2,"name":"Entrevista en el programa SOM-HI de TAC 12, el D\u00eda de la Mujer"}]},{"@type":"WebSite","@id":"https:\/\/nataliaferre.com\/es\/#website","url":"https:\/\/nataliaferre.com\/es\/","name":"Nat\u00e0lia Ferr\u00e9","description":"Escultora, Ceramista, Pintora y Galerista","publisher":{"@id":"https:\/\/nataliaferre.com\/es\/#organization"},"potentialAction":[{"@type":"SearchAction","target":{"@type":"EntryPoint","urlTemplate":"https:\/\/nataliaferre.com\/es\/?s={search_term_string}"},"query-input":{"@type":"PropertyValueSpecification","valueRequired":true,"valueName":"search_term_string"}}],"inLanguage":"es"},{"@type":"Organization","@id":"https:\/\/nataliaferre.com\/es\/#organization","name":"Nat\u00e0lia Ferr\u00e9","url":"https:\/\/nataliaferre.com\/es\/","logo":{"@type":"ImageObject","inLanguage":"es","@id":"https:\/\/nataliaferre.com\/es\/#\/schema\/logo\/image\/","url":"https:\/\/nataliaferre.com\/wp-content\/uploads\/natalia-ferre-la-artista-04-b.jpg","contentUrl":"https:\/\/nataliaferre.com\/wp-content\/uploads\/natalia-ferre-la-artista-04-b.jpg","width":1300,"height":730,"caption":"Nat\u00e0lia Ferr\u00e9"},"image":{"@id":"https:\/\/nataliaferre.com\/es\/#\/schema\/logo\/image\/"}},{"@type":"Person","@id":"https:\/\/nataliaferre.com\/es\/#\/schema\/person\/62ace9fa3e2f4f9850bd3151aa36dfb9","name":"Idel","image":{"@type":"ImageObject","inLanguage":"es","@id":"https:\/\/secure.gravatar.com\/avatar\/5c41eef29cc53bb1b85862458bd8af3b680c7b6f5b495f6ed686ca9ec6bc4f08?s=96&d=mm&r=g","url":"https:\/\/secure.gravatar.com\/avatar\/5c41eef29cc53bb1b85862458bd8af3b680c7b6f5b495f6ed686ca9ec6bc4f08?s=96&d=mm&r=g","contentUrl":"https:\/\/secure.gravatar.com\/avatar\/5c41eef29cc53bb1b85862458bd8af3b680c7b6f5b495f6ed686ca9ec6bc4f08?s=96&d=mm&r=g","caption":"Idel"}}]}},"_links":{"self":[{"href":"https:\/\/nataliaferre.com\/es\/wp-json\/wp\/v2\/posts\/17255","targetHints":{"allow":["GET"]}}],"collection":[{"href":"https:\/\/nataliaferre.com\/es\/wp-json\/wp\/v2\/posts"}],"about":[{"href":"https:\/\/nataliaferre.com\/es\/wp-json\/wp\/v2\/types\/post"}],"author":[{"embeddable":true,"href":"https:\/\/nataliaferre.com\/es\/wp-json\/wp\/v2\/users\/999"}],"replies":[{"embeddable":true,"href":"https:\/\/nataliaferre.com\/es\/wp-json\/wp\/v2\/comments?post=17255"}],"version-history":[{"count":0,"href":"https:\/\/nataliaferre.com\/es\/wp-json\/wp\/v2\/posts\/17255\/revisions"}],"wp:featuredmedia":[{"embeddable":true,"href":"https:\/\/nataliaferre.com\/es\/wp-json\/wp\/v2\/media\/17271"}],"wp:attachment":[{"href":"https:\/\/nataliaferre.com\/es\/wp-json\/wp\/v2\/media?parent=17255"}],"wp:term":[{"taxonomy":"category","embeddable":true,"href":"https:\/\/nataliaferre.com\/es\/wp-json\/wp\/v2\/categories?post=17255"},{"taxonomy":"post_tag","embeddable":true,"href":"https:\/\/nataliaferre.com\/es\/wp-json\/wp\/v2\/tags?post=17255"}],"curies":[{"name":"wp","href":"https:\/\/api.w.org\/{rel}","templated":true}]}}